{"id":15938,"date":"2026-03-04T22:51:41","date_gmt":"2026-03-04T22:51:41","guid":{"rendered":"https:\/\/medbox.com\/?p=15938"},"modified":"2026-03-04T22:51:44","modified_gmt":"2026-03-04T22:51:44","slug":"normal-memory-lapses-vs-dementia-how-to-tell-the-difference","status":"publish","type":"post","link":"https:\/\/medbox.com\/es\/normal-memory-lapses-vs-dementia-how-to-tell-the-difference\/","title":{"rendered":"Lapsus de memoria normales vs. demencia: \u00bfC\u00f3mo diferenciarlos?"},"content":{"rendered":"<p>Si la p\u00e9rdida de memoria por s\u00ed sola fuera un signo de demencia, la mayor\u00eda de los adultos ya estar\u00edan diagnosticados. Todos olvidamos cosas: es com\u00fan olvidar nombres, citas o incluso por qu\u00e9 entramos en una habitaci\u00f3n. Obligarse a recordar cualquier informaci\u00f3n puede ser frustrante y podr\u00eda preocuparnos por la salud mental.&nbsp;<\/p>\n\n\n<section\n        class=\"section-cta gutenberg-block  is-round\" \n        style=\"background-color: #e8f2ee;        --cta-padding-top-desktop: 47px;        --cta-padding-top-tablet: 47px;        --cta-padding-top-mobile: 30px;        --cta-padding-bottom-desktop: 47px;        --cta-padding-bottom-tablet: 47px;        --cta-padding-bottom-mobile: 30px;        --cta-padding-sides-desktop: 20px;        --cta-padding-sides-tablet: 20px;        --cta-padding-sides-mobile: 20px;\">\n    <div class=\"sk-container section-cta__container\">\n        <div class=\"section-cta__wrapper sm\">\n                            <div class=\"section-cta__body is-layout-sm\">\n                                            <h2 class=\"section-cta__title sk-text--h4\">Medbox: simplifique su rutina de prescripci\u00f3n<\/h2>\n                                                        <\/div>\n                        \n                                        <a href=\"https:\/\/medbox.com\/es\/how-it-works\/\" class=\"section-cta__btn sk-btn sk-btn--primary\" target=\"_self\"\n    \n     title=\"M\u00e1s informaci\u00f3n\" >\n\n          <span class=\"wrapp-title-link\">M\u00e1s informaci\u00f3n<\/span>\n    \n    \n    \n      <\/a>\n\n                    <\/div>\n    <\/div>\n    <\/section>\n\n\n\n<p>Sin embargo, el hecho de que ocasionalmente olvides algo no significa que tengas un problema grave. En muchos casos, puede ser simplemente la reacci\u00f3n normal de tu cuerpo al estr\u00e9s, la falta de sue\u00f1o o las distracciones, que son temporales. Incluso durante el proceso natural de envejecimiento, puedes notar que te est\u00e1s volviendo m\u00e1s olvidadizo, pero esto por s\u00ed solo no significa que tengas demencia.<\/p>\n\n\n\n<p>La demencia provoca cambios profundos m\u00e1s all\u00e1 de simples lapsos de memoria: puede provocar cambios significativos en el pensamiento, el juicio e incluso afectar la capacidad para realizar actividades diarias.&nbsp;<\/p>\n\n\n\n<p>La demencia no es una enfermedad \u00fanica, sino un t\u00e9rmino general que describe un grupo de afecciones que afectan la memoria, el pensamiento y otras capacidades cognitivas. <a href=\"https:\/\/medbox.com\/es\/alzheimers-disease-understanding-the-most-common-form-of-dementia\/\">enfermedad de Alzheimer<\/a> Es el tipo de demencia m\u00e1s com\u00fan y probablemente el m\u00e1s conocido, pero otras formas incluyen la demencia vascular, la demencia con cuerpos de Lewy y la demencia frontotemporal.<\/p>\n\n\n\n<p><a href=\"https:\/\/www.nih.gov\/news-events\/nih-research-matters\/risk-future-burden-dementia-united-states\">Investigaci\u00f3n<\/a> Muestra que, despu\u00e9s de los 55 a\u00f1os, el riesgo de desarrollar demencia a lo largo de la vida es de aproximadamente 42% para los estadounidenses. Esto significa que, si una persona vive lo suficiente despu\u00e9s de los 55 a\u00f1os, su riesgo de desarrollar demencia es de aproximadamente 4 de cada 10 personas. Contin\u00fae leyendo para conocer la diferencia entre el olvido com\u00fan y la demencia.<\/p>\n\n\n\n<h2 class=\"wp-block-heading\">\u00bfQu\u00e9 son los lapsos de memoria?<\/h2>\n\n\n\n<p>Los lapsus de memoria son los deslices cotidianos que todos experimentamos. Pueden incluir cosas como olvidar el nombre de alguien, olvidar d\u00f3nde pusiste el tel\u00e9fono o las llaves, o entrar en una habitaci\u00f3n y olvidar por qu\u00e9 est\u00e1s ah\u00ed. Estos lapsus son breves y no suelen afectar el funcionamiento diario.&nbsp;<\/p>\n\n\n\n<p>Los lapsus de memoria pueden ocurrir con mayor frecuencia cuando est\u00e1s ocupado, estresado o cansado, y tu cerebro intenta hacer demasiadas cosas a la vez. La memoria tambi\u00e9n puede volverse m\u00e1s lenta con la edad, aunque a\u00fan conservas esa informaci\u00f3n y puedes recordarla m\u00e1s tarde.<\/p>\n\n\n\n<h3 class=\"wp-block-heading\">\u00bfQu\u00e9 es la demencia?<\/h3>\n\n\n\n<p>La demencia es el deterioro progresivo de las funciones cognitivas del cerebro, que incluyen la memoria, el pensamiento, el razonamiento y la comunicaci\u00f3n. A menudo, la demencia se asocia a un deterioro cerebral lo suficientemente grave como para interferir con la vida diaria. <a href=\"https:\/\/medbox.com\/es\/top-7-warning-signs-of-dementia\/\">Se\u00f1ales de advertencia de demencia<\/a> no se limitan a problemas de memoria e incluyen dificultad con el juicio, la resoluci\u00f3n de problemas y el lenguaje, as\u00ed como cambios en el razonamiento, la comunicaci\u00f3n y el comportamiento.&nbsp;<\/p>\n\n\n\n<p>Tambi\u00e9n puede tener dificultades para mantener conversaciones, gestionar tareas habituales o tomar decisiones sencillas. Estos cambios suelen ser progresivos y empeorar con el tiempo, en lugar de ser una p\u00e9rdida de memoria ocasional o espor\u00e1dica. La demencia tambi\u00e9n puede ir reduciendo paulatinamente su capacidad de ser independiente y cuidar de s\u00ed mismo.&nbsp;<\/p>\n\n\n\n<p>\u00bfCu\u00e1les son las diferencias entre los lapsos de memoria y la demencia?&nbsp;<\/p>\n\n\n\n<h2 class=\"wp-block-heading\">Lapsus de memoria vs. demencia: Diferencias clave<\/h2>\n\n\n\n<p>Los lapsus de memoria y la demencia pueden parecer similares, pero no son lo mismo. Estas son las diferencias clave entre ambos:<\/p>\n\n\n\n<figure class=\"wp-block-table\"><table class=\"has-fixed-layout\"><tbody><tr><td><strong>Diferencia<\/strong><\/td><td><strong>Lapsos de memoria<\/strong><\/td><td><strong>Demencia<\/strong><\/td><\/tr><tr><td>Frecuencia de los problemas de memoria<\/td><td>Los lapsus de memoria ocurren ocasionalmente y suelen estar relacionados con el estr\u00e9s y el agotamiento. Esta situaci\u00f3n suele mejorar con el tiempo mediante h\u00e1bitos saludables, como dormir m\u00e1s.&nbsp;<\/td><td>La demencia, por otro lado, ocurre con mayor regularidad y su frecuencia aumenta con el tiempo, de modo que se convierte en una ocurrencia com\u00fan y puede afectar negativamente la calidad de vida.<\/td><\/tr><tr><td>Tipo de informaci\u00f3n olvidada<\/td><td>Las personas que sufren lapsus de memoria generalmente recuerdan eventos esenciales (como ir a trabajar) pero olvidan detalles menores (como un nombre, una cita programada o d\u00f3nde colocaron algo).<\/td><td>Las personas con demencia olvidan eventos y conversaciones completas, e incluso pueden tener dificultades para retener informaci\u00f3n reci\u00e9n aprendida. Recordar informaci\u00f3n en general es muy dif\u00edcil.<\/td><\/tr><tr><td>Capacidad para recordar informaci\u00f3n m\u00e1s tarde<\/td><td>Los lapsus de memoria suelen ir seguidos de recuerdos. Un nombre puede venir a tu mente horas despu\u00e9s, o puedes recordar de repente lo que quer\u00edas hacer. A veces, el recuerdo regresa por s\u00ed solo, y otras veces, una peque\u00f1a pista puede traerlo de vuelta.&nbsp;<\/td><td>Con la demencia, recordar se vuelve mucho m\u00e1s dif\u00edcil y, a menudo, no mejora con el tiempo. En muchos casos, las indicaciones o pistas tampoco ayudan a recordar la informaci\u00f3n, especialmente a medida que la enfermedad progresa.<\/td><\/tr><tr><td>Manejo de art\u00edculos extraviados<\/td><td>Las personas suelen extraviar objetos, pero en lugares razonables o familiares (por ejemplo, una cartera debajo de una pila de papeles). Adem\u00e1s, suelen recordar d\u00f3nde colocaron el objeto si intentan volver sobre sus pasos.<\/td><td>Las personas con demencia pueden colocar objetos en lugares extra\u00f1os (como las llaves en el refrigerador) y a menudo no pueden recordar d\u00f3nde las pusieron.<\/td><\/tr><tr><td>Nivel de confusi\u00f3n<\/td><td>La confusi\u00f3n es moment\u00e1nea y surge ocasionalmente, generalmente cuando la persona est\u00e1 estresada u ocupada. Si est\u00e1 menos estresada u ocupada, la confusi\u00f3n suele desaparecer.<\/td><td>La confusi\u00f3n es frecuente y persiste incluso en estado de relajaci\u00f3n. Esto dificulta seguir lo que dicen los dem\u00e1s y puede que no recuerdes c\u00f3mo completar las tareas.&nbsp;<\/td><\/tr><tr><td>Conciencia de los cambios en la memoria<\/td><td>La persona eventualmente se da cuenta de los errores y reconoce los lapsus de memoria.<\/td><td>Los familiares notan los cambios con m\u00e1s frecuencia que la propia persona. Adem\u00e1s, con demencia, una persona puede negar involuntariamente o ignorar cualquier cambio.<\/td><\/tr><tr><td>Impacto en las actividades diarias<\/td><td>La rutina diaria generalmente no cambia o presenta pocos inconvenientes, incluso si la persona ocasionalmente olvida cosas.<\/td><td>Completar las tareas diarias se vuelve m\u00e1s dif\u00edcil. Suele haber m\u00e1s confusi\u00f3n y errores.<\/td><\/tr><\/tbody><\/table><\/figure>\n\n\n<section\n        class=\"section-cta gutenberg-block  is-round\" \n        style=\"background-color: #e8f2ee;        --cta-padding-top-desktop: 47px;        --cta-padding-top-tablet: 47px;        --cta-padding-top-mobile: 30px;        --cta-padding-bottom-desktop: 47px;        --cta-padding-bottom-tablet: 47px;        --cta-padding-bottom-mobile: 30px;        --cta-padding-sides-desktop: 20px;        --cta-padding-sides-tablet: 20px;        --cta-padding-sides-mobile: 20px;\">\n    <div class=\"sk-container section-cta__container\">\n        <div class=\"section-cta__wrapper sm\">\n                            <div class=\"section-cta__body is-layout-sm\">\n                                            <h2 class=\"section-cta__title sk-text--h4\">Recetas preclasificadas | Entrega a domicilio<\/h2>\n                                                        <\/div>\n                        \n                                        <a href=\"https:\/\/medbox.com\/es\/how-it-works\/\" class=\"section-cta__btn sk-btn sk-btn--primary\" target=\"_self\"\n    \n     title=\"Comenzar\" >\n\n          <span class=\"wrapp-title-link\">Comenzar<\/span>\n    \n    \n    \n      <\/a>\n\n                    <\/div>\n    <\/div>\n    <\/section>\n\n\n\n<h2 class=\"wp-block-heading\">Qu\u00e9 hacer si le preocupa su memoria\u00a0<\/h2>\n\n\n\n<p>\u00bfNotas cambios en la memoria? Esto es lo que debes hacer:&nbsp;<\/p>\n\n\n\n<p><strong>1. Toma notas sobre los cambios que observes<\/strong>: Mantenga un registro de los patrones, en lugar de eventos puntuales. Sus notas les ayudar\u00e1n a usted y a su m\u00e9dico a tener una visi\u00f3n global.<\/p>\n\n\n<div class=\"wp-block-image\">\n<figure class=\"alignright size-full\">\n\n                                \n    \n  <picture>\n    <source type=\"image\/webp\" sizes=\"100vw\" srcset=\"https:\/\/medbox.com\/wp-content\/uploads\/2026\/03\/senior-sleep-100x0-c-default.webp 100w, https:\/\/medbox.com\/wp-content\/uploads\/2026\/03\/senior-sleep-200x0-c-default.webp 200w, https:\/\/medbox.com\/wp-content\/uploads\/2026\/03\/senior-sleep-400x0-c-default.webp 400w, https:\/\/medbox.com\/wp-content\/uploads\/2026\/03\/senior-sleep.webp 420w\">\n    <source type=\"image\/jpeg\" sizes=\"100vw\" srcset=\"https:\/\/medbox.com\/wp-content\/uploads\/2026\/03\/senior-sleep-100x0-c-default.jpg 100w, https:\/\/medbox.com\/wp-content\/uploads\/2026\/03\/senior-sleep-200x0-c-default.jpg 200w, https:\/\/medbox.com\/wp-content\/uploads\/2026\/03\/senior-sleep-400x0-c-default.jpg 400w, https:\/\/medbox.com\/wp-content\/uploads\/2026\/03\/senior-sleep.jpg 420w\">\n    <img class=\"\" width=\"420\" height=\"280\" alt=\"senior-sleep\" src=\"https:\/\/medbox.com\/wp-content\/uploads\/2026\/03\/senior-sleep.jpg\" loading=\"lazy\">\n  <\/picture>\n\n<\/figure>\n<\/div>\n\n\n<p><strong>2. Controla el sue\u00f1o, el estr\u00e9s y los h\u00e1bitos diarios.<\/strong>:La falta de sue\u00f1o, el aumento del estr\u00e9s y la omisi\u00f3n de comidas pueden provocar problemas de memoria temporales. <a href=\"https:\/\/medbox.com\/es\/how-to-get-better-sleep-practical-tips-for-seniors\/\">Dormir mejor<\/a> y el descanso puede ayudarle a mejorar su memoria y capacidad de recordar.<\/p>\n\n\n\n<p><strong>3. Revise los medicamentos y suplementos<\/strong>Los medicamentos, tanto recetados como de venta libre, pueden tener efectos secundarios que afectan la memoria y aumentan la olvidadumbre. Revise sus medicamentos y sus efectos secundarios con su m\u00e9dico, y si nota alg\u00fan cambio mientras los toma, aseg\u00farese de consultarlo de inmediato.&nbsp;<\/p>\n\n\n\n<p><strong>4. Hable con un profesional de la salud<\/strong>Comparta cualquier anotaci\u00f3n sobre episodios o eventos y sea espec\u00edfico con los detalles y ejemplos que haya recopilado. Esto ayudar\u00e1 a su profesional de la salud a comprender los problemas y determinar si existen causas subyacentes que deban abordarse.<\/p>\n\n\n\n<p><strong>5. Solicite una evaluaci\u00f3n cognitiva si es necesario<\/strong>:Esto puede ayudar a tener una mejor idea del nivel de su funci\u00f3n cognitiva y de qu\u00e9 tan bien est\u00e1n funcionando su memoria y su capacidad de recordar para ayudar a identificar posibles \u00e1reas de preocupaci\u00f3n.<\/p>\n\n\n\n<p><strong>6. Involucre a un familiar de confianza<\/strong>:Un familiar cercano podr\u00eda ser capaz de identificar cambios que usted no ha notado.<\/p>\n\n\n\n<p><strong>7. Evite el autodiagn\u00f3stico<\/strong>Consultar sus s\u00edntomas en l\u00ednea suele generar m\u00e1s alarma y preocupaci\u00f3n. En lugar de eso, hable con un profesional y d\u00e9jese guiar para determinar si existe un problema.<\/p>\n\n\n\n<h2 class=\"wp-block-heading\">Conclusi\u00f3n\u00a0<\/h2>\n\n\n\n<p>Perder las llaves es com\u00fan. Olvidar d\u00f3nde las dejaste puede ser frustrante. Pero la demencia suele ser un cambio mucho m\u00e1s grave en la funci\u00f3n cognitiva, que va m\u00e1s all\u00e1 del simple olvido. Puede afectar significativamente tu vida diaria. Comprender la diferencia entre el olvido ocasional y la demencia puede ayudarte a reaccionar con conocimiento en lugar de miedo. Actuar con prontitud es importante. Puede ayudarte a ti y a tus seres queridos a vivir con mayor comodidad e independencia durante m\u00e1s tiempo.<\/p>\n\n\n\n<p><\/p>\n<div class=\"acf-fields-container\" data-post-id=\"15938\" data-canto-acf=\"true\"><\/div><style>\r\n        .acf-fields-container {\r\n            margin: 2em 0;\r\n            width: 100%;\r\n            clear: both;\r\n        }\r\n        .acf-field-image {\r\n            margin: 1.5em 0;\r\n            position: relative;\r\n        }\r\n        .acf-field-label {\r\n            margin-bottom: 1em;\r\n        }\r\n        .acf-image {\r\n            max-width: 100%;\r\n            height: auto;\r\n            display: block;\r\n            margin: 1em 0;\r\n        }\r\n    <\/style>","protected":false},"excerpt":{"rendered":"<p>Si la p\u00e9rdida de memoria por s\u00ed sola fuera un signo de demencia, la mayor\u00eda de los adultos ya estar\u00edan diagnosticados. Todos olvidamos cosas: es com\u00fan olvidar nombres, citas o incluso por qu\u00e9 entramos en una habitaci\u00f3n. Obligarse a recordar cualquier informaci\u00f3n puede ser frustrante y podr\u00eda preocuparnos por la salud mental.\u00a0<\/p>","protected":false},"author":20,"featured_media":15939,"comment_status":"closed","ping_status":"closed","sticky":false,"template":"","format":"standard","meta":{"_acf_changed":false,"footnotes":""},"categories":[11],"tags":[31,91,131,169,200],"class_list":["post-15938","post","type-post","status-publish","format-standard","has-post-thumbnail","hentry","category-mental-health","tag-memory","tag-sleep","tag-dementia","tag-alzheimers","tag-stress"],"acf":[],"canto_acf_fields":"<div class=\"acf-fields-container\" data-post-id=\"15938\" data-canto-acf=\"true\"><\/div><style>\r\n        .acf-fields-container {\r\n            margin: 2em 0;\r\n            width: 100%;\r\n            clear: both;\r\n        }\r\n        .acf-field-image {\r\n            margin: 1.5em 0;\r\n            position: relative;\r\n        }\r\n        .acf-field-label {\r\n            margin-bottom: 1em;\r\n        }\r\n        .acf-image {\r\n            max-width: 100%;\r\n            height: auto;\r\n            display: block;\r\n            margin: 1em 0;\r\n        }\r\n    <\/style>","yoast_head":"<!-- This site is optimized with the Yoast SEO plugin v27.5 - https:\/\/yoast.com\/product\/yoast-seo-wordpress\/ -->\n<title>Normal Memory Lapses vs. Dementia: How To Tell the Difference<\/title>\n<meta name=\"description\" content=\"Learn the difference between normal memory lapses and dementia, key warning signs to watch for, and when to seek medical advice about memory changes.\" \/>\n<meta name=\"robots\" content=\"index, follow, max-snippet:-1, max-image-preview:large, max-video-preview:-1\" \/>\n<link rel=\"canonical\" href=\"https:\/\/medbox.com\/es\/normal-memory-lapses-vs-dementia-how-to-tell-the-difference\/\" \/>\n<meta property=\"og:locale\" content=\"es_MX\" \/>\n<meta property=\"og:type\" content=\"article\" \/>\n<meta property=\"og:title\" content=\"Normal Memory Lapses vs. Dementia: How To Tell the Difference\" \/>\n<meta property=\"og:description\" content=\"Learn the difference between normal memory lapses and dementia, key warning signs to watch for, and when to seek medical advice about memory changes.\" \/>\n<meta property=\"og:url\" content=\"https:\/\/medbox.com\/es\/normal-memory-lapses-vs-dementia-how-to-tell-the-difference\/\" \/>\n<meta property=\"og:site_name\" content=\"MedBox | Medications Sorted By Dose | Full-Service Pharmacy\" \/>\n<meta property=\"article:published_time\" content=\"2026-03-04T22:51:41+00:00\" \/>\n<meta property=\"article:modified_time\" content=\"2026-03-04T22:51:44+00:00\" \/>\n<meta property=\"og:image\" content=\"https:\/\/medbox.com\/wp-content\/uploads\/2026\/03\/senior-nurse.jpg\" \/>\n\t<meta property=\"og:image:width\" content=\"1280\" \/>\n\t<meta property=\"og:image:height\" content=\"853\" \/>\n\t<meta property=\"og:image:type\" content=\"image\/jpeg\" \/>\n<meta name=\"author\" content=\"Reviewed by Dr. Ryo Sanabria, PhD\" \/>\n<meta name=\"twitter:card\" content=\"summary_large_image\" \/>\n<meta name=\"twitter:label1\" content=\"Written by\" \/>\n\t<meta name=\"twitter:data1\" content=\"Reviewed by Dr. Ryo Sanabria, PhD\" \/>\n\t<meta name=\"twitter:label2\" content=\"Est. reading time\" \/>\n\t<meta name=\"twitter:data2\" content=\"6 minutos\" \/>\n<script type=\"application\/ld+json\" class=\"yoast-schema-graph\">{\"@context\":\"https:\\\/\\\/schema.org\",\"@graph\":[{\"@type\":\"Article\",\"@id\":\"https:\\\/\\\/medbox.com\\\/normal-memory-lapses-vs-dementia-how-to-tell-the-difference\\\/#article\",\"isPartOf\":{\"@id\":\"https:\\\/\\\/medbox.com\\\/normal-memory-lapses-vs-dementia-how-to-tell-the-difference\\\/\"},\"author\":{\"name\":\"Reviewed by Dr. Ryo Sanabria, PhD\",\"@id\":\"https:\\\/\\\/medbox.com\\\/#\\\/schema\\\/person\\\/32a7296a38e9d84c3ce80df9d6ed8174\"},\"headline\":\"Normal Memory Lapses vs. Dementia: How To Tell the Difference\",\"datePublished\":\"2026-03-04T22:51:41+00:00\",\"dateModified\":\"2026-03-04T22:51:44+00:00\",\"mainEntityOfPage\":{\"@id\":\"https:\\\/\\\/medbox.com\\\/normal-memory-lapses-vs-dementia-how-to-tell-the-difference\\\/\"},\"wordCount\":1220,\"image\":{\"@id\":\"https:\\\/\\\/medbox.com\\\/normal-memory-lapses-vs-dementia-how-to-tell-the-difference\\\/#primaryimage\"},\"thumbnailUrl\":\"https:\\\/\\\/medbox.com\\\/wp-content\\\/uploads\\\/2026\\\/03\\\/senior-nurse.jpg\",\"keywords\":[\"memory\",\"sleep\",\"dementia\",\"alzheimer's\",\"stress\"],\"articleSection\":[\"Mental Health &amp; Wellbeing\"],\"inLanguage\":\"es\"},{\"@type\":\"WebPage\",\"@id\":\"https:\\\/\\\/medbox.com\\\/normal-memory-lapses-vs-dementia-how-to-tell-the-difference\\\/\",\"url\":\"https:\\\/\\\/medbox.com\\\/normal-memory-lapses-vs-dementia-how-to-tell-the-difference\\\/\",\"name\":\"Normal Memory Lapses vs. Dementia: How To Tell the Difference\",\"isPartOf\":{\"@id\":\"https:\\\/\\\/medbox.com\\\/#website\"},\"primaryImageOfPage\":{\"@id\":\"https:\\\/\\\/medbox.com\\\/normal-memory-lapses-vs-dementia-how-to-tell-the-difference\\\/#primaryimage\"},\"image\":{\"@id\":\"https:\\\/\\\/medbox.com\\\/normal-memory-lapses-vs-dementia-how-to-tell-the-difference\\\/#primaryimage\"},\"thumbnailUrl\":\"https:\\\/\\\/medbox.com\\\/wp-content\\\/uploads\\\/2026\\\/03\\\/senior-nurse.jpg\",\"datePublished\":\"2026-03-04T22:51:41+00:00\",\"dateModified\":\"2026-03-04T22:51:44+00:00\",\"author\":{\"@id\":\"https:\\\/\\\/medbox.com\\\/#\\\/schema\\\/person\\\/32a7296a38e9d84c3ce80df9d6ed8174\"},\"description\":\"Learn the difference between normal memory lapses and dementia, key warning signs to watch for, and when to seek medical advice about memory changes.\",\"breadcrumb\":{\"@id\":\"https:\\\/\\\/medbox.com\\\/normal-memory-lapses-vs-dementia-how-to-tell-the-difference\\\/#breadcrumb\"},\"inLanguage\":\"es\",\"potentialAction\":[{\"@type\":\"ReadAction\",\"target\":[\"https:\\\/\\\/medbox.com\\\/normal-memory-lapses-vs-dementia-how-to-tell-the-difference\\\/\"]}]},{\"@type\":\"ImageObject\",\"inLanguage\":\"es\",\"@id\":\"https:\\\/\\\/medbox.com\\\/normal-memory-lapses-vs-dementia-how-to-tell-the-difference\\\/#primaryimage\",\"url\":\"https:\\\/\\\/medbox.com\\\/wp-content\\\/uploads\\\/2026\\\/03\\\/senior-nurse.jpg\",\"contentUrl\":\"https:\\\/\\\/medbox.com\\\/wp-content\\\/uploads\\\/2026\\\/03\\\/senior-nurse.jpg\",\"width\":1280,\"height\":853,\"caption\":\"Nurse talking to senior about memory lapses vs. dementia\"},{\"@type\":\"BreadcrumbList\",\"@id\":\"https:\\\/\\\/medbox.com\\\/normal-memory-lapses-vs-dementia-how-to-tell-the-difference\\\/#breadcrumb\",\"itemListElement\":[{\"@type\":\"ListItem\",\"position\":1,\"name\":\"Home\",\"item\":\"https:\\\/\\\/medbox.com\\\/\"},{\"@type\":\"ListItem\",\"position\":2,\"name\":\"Normal Memory Lapses vs. Dementia: How To Tell the Difference\"}]},{\"@type\":\"WebSite\",\"@id\":\"https:\\\/\\\/medbox.com\\\/#website\",\"url\":\"https:\\\/\\\/medbox.com\\\/\",\"name\":\"MedBox | Medications Sorted By Dose | Full-Service Pharmacy\",\"description\":\"MedBox is a free pill-dispensing service provided by AmeriPharma, a full-service online pharmacy. Your prescriptions filled, sorted, and delivered.\",\"potentialAction\":[{\"@type\":\"SearchAction\",\"target\":{\"@type\":\"EntryPoint\",\"urlTemplate\":\"https:\\\/\\\/medbox.com\\\/?s={search_term_string}\"},\"query-input\":{\"@type\":\"PropertyValueSpecification\",\"valueRequired\":true,\"valueName\":\"search_term_string\"}}],\"inLanguage\":\"es\"},{\"@type\":\"Person\",\"@id\":\"https:\\\/\\\/medbox.com\\\/#\\\/schema\\\/person\\\/32a7296a38e9d84c3ce80df9d6ed8174\",\"name\":\"Reviewed by Dr. Ryo Sanabria, PhD\",\"image\":{\"@type\":\"ImageObject\",\"inLanguage\":\"es\",\"@id\":\"https:\\\/\\\/secure.gravatar.com\\\/avatar\\\/561683a89ffc1d1ef267389cb0eef2d620e5a8b557f1e263c19fb1ad5c3826ec?s=96&d=mm&r=g\",\"url\":\"https:\\\/\\\/secure.gravatar.com\\\/avatar\\\/561683a89ffc1d1ef267389cb0eef2d620e5a8b557f1e263c19fb1ad5c3826ec?s=96&d=mm&r=g\",\"contentUrl\":\"https:\\\/\\\/secure.gravatar.com\\\/avatar\\\/561683a89ffc1d1ef267389cb0eef2d620e5a8b557f1e263c19fb1ad5c3826ec?s=96&d=mm&r=g\",\"caption\":\"Reviewed by Dr. Ryo Sanabria, PhD\"},\"description\":\"Dr. Ryo Sanabria, PhD, was born and raised in New York. They received a B.A. and M.A. in biotechnology from CUNY Hunter College, and an M.A., M.Phil., and PhD in Nutrition and Metabolic Sciences from Columbia University. Dr. Sanabria is a professor who currently teaches at the USC Leonard Davis School of Gerontology. Their areas of expertise include gerontology, cell biology, molecular biology, genetics, and nutrition. They are the recipient of many awards and grants and have authored numerous research papers. The most rewarding part of their work is training and mentoring new scientists. Dr. Sanabria is an avid fitness enthusiast, and in their free time, they enjoy marathon running and weight-lifting. Dr. Sanabria's pronouns are they\\\/them\\\/their.\",\"url\":\"https:\\\/\\\/medbox.com\\\/es\\\/author\\\/ryo\\\/\"}]}<\/script>\n<!-- \/ Yoast SEO plugin. -->","yoast_head_json":{"title":"Lapsus de memoria normales vs. demencia: \u00bfC\u00f3mo diferenciarlos?","description":"Aprenda la diferencia entre los lapsos de memoria normales y la demencia, los signos de advertencia clave a los que debe prestar atenci\u00f3n y cu\u00e1ndo buscar asesoramiento m\u00e9dico sobre los cambios en la memoria.","robots":{"index":"index","follow":"follow","max-snippet":"max-snippet:-1","max-image-preview":"max-image-preview:large","max-video-preview":"max-video-preview:-1"},"canonical":"https:\/\/medbox.com\/es\/normal-memory-lapses-vs-dementia-how-to-tell-the-difference\/","og_locale":"es_MX","og_type":"article","og_title":"Normal Memory Lapses vs. Dementia: How To Tell the Difference","og_description":"Learn the difference between normal memory lapses and dementia, key warning signs to watch for, and when to seek medical advice about memory changes.","og_url":"https:\/\/medbox.com\/es\/normal-memory-lapses-vs-dementia-how-to-tell-the-difference\/","og_site_name":"MedBox | Medications Sorted By Dose | Full-Service Pharmacy","article_published_time":"2026-03-04T22:51:41+00:00","article_modified_time":"2026-03-04T22:51:44+00:00","og_image":[{"width":1280,"height":853,"url":"https:\/\/medbox.com\/wp-content\/uploads\/2026\/03\/senior-nurse.jpg","type":"image\/jpeg"}],"author":"Reviewed by Dr. Ryo Sanabria, PhD","twitter_card":"summary_large_image","twitter_misc":{"Written by":"Reviewed by Dr. Ryo Sanabria, PhD","Est. reading time":"6 minutos"},"schema":{"@context":"https:\/\/schema.org","@graph":[{"@type":"Article","@id":"https:\/\/medbox.com\/normal-memory-lapses-vs-dementia-how-to-tell-the-difference\/#article","isPartOf":{"@id":"https:\/\/medbox.com\/normal-memory-lapses-vs-dementia-how-to-tell-the-difference\/"},"author":{"name":"Reviewed by Dr. Ryo Sanabria, PhD","@id":"https:\/\/medbox.com\/#\/schema\/person\/32a7296a38e9d84c3ce80df9d6ed8174"},"headline":"Normal Memory Lapses vs. Dementia: How To Tell the Difference","datePublished":"2026-03-04T22:51:41+00:00","dateModified":"2026-03-04T22:51:44+00:00","mainEntityOfPage":{"@id":"https:\/\/medbox.com\/normal-memory-lapses-vs-dementia-how-to-tell-the-difference\/"},"wordCount":1220,"image":{"@id":"https:\/\/medbox.com\/normal-memory-lapses-vs-dementia-how-to-tell-the-difference\/#primaryimage"},"thumbnailUrl":"https:\/\/medbox.com\/wp-content\/uploads\/2026\/03\/senior-nurse.jpg","keywords":["memory","sleep","dementia","alzheimer's","stress"],"articleSection":["Mental Health &amp; Wellbeing"],"inLanguage":"es"},{"@type":"WebPage","@id":"https:\/\/medbox.com\/normal-memory-lapses-vs-dementia-how-to-tell-the-difference\/","url":"https:\/\/medbox.com\/normal-memory-lapses-vs-dementia-how-to-tell-the-difference\/","name":"Lapsus de memoria normales vs. demencia: \u00bfC\u00f3mo diferenciarlos?","isPartOf":{"@id":"https:\/\/medbox.com\/#website"},"primaryImageOfPage":{"@id":"https:\/\/medbox.com\/normal-memory-lapses-vs-dementia-how-to-tell-the-difference\/#primaryimage"},"image":{"@id":"https:\/\/medbox.com\/normal-memory-lapses-vs-dementia-how-to-tell-the-difference\/#primaryimage"},"thumbnailUrl":"https:\/\/medbox.com\/wp-content\/uploads\/2026\/03\/senior-nurse.jpg","datePublished":"2026-03-04T22:51:41+00:00","dateModified":"2026-03-04T22:51:44+00:00","author":{"@id":"https:\/\/medbox.com\/#\/schema\/person\/32a7296a38e9d84c3ce80df9d6ed8174"},"description":"Aprenda la diferencia entre los lapsos de memoria normales y la demencia, los signos de advertencia clave a los que debe prestar atenci\u00f3n y cu\u00e1ndo buscar asesoramiento m\u00e9dico sobre los cambios en la memoria.","breadcrumb":{"@id":"https:\/\/medbox.com\/normal-memory-lapses-vs-dementia-how-to-tell-the-difference\/#breadcrumb"},"inLanguage":"es","potentialAction":[{"@type":"ReadAction","target":["https:\/\/medbox.com\/normal-memory-lapses-vs-dementia-how-to-tell-the-difference\/"]}]},{"@type":"ImageObject","inLanguage":"es","@id":"https:\/\/medbox.com\/normal-memory-lapses-vs-dementia-how-to-tell-the-difference\/#primaryimage","url":"https:\/\/medbox.com\/wp-content\/uploads\/2026\/03\/senior-nurse.jpg","contentUrl":"https:\/\/medbox.com\/wp-content\/uploads\/2026\/03\/senior-nurse.jpg","width":1280,"height":853,"caption":"Nurse talking to senior about memory lapses vs. dementia"},{"@type":"BreadcrumbList","@id":"https:\/\/medbox.com\/normal-memory-lapses-vs-dementia-how-to-tell-the-difference\/#breadcrumb","itemListElement":[{"@type":"ListItem","position":1,"name":"Home","item":"https:\/\/medbox.com\/"},{"@type":"ListItem","position":2,"name":"Normal Memory Lapses vs. Dementia: How To Tell the Difference"}]},{"@type":"WebSite","@id":"https:\/\/medbox.com\/#website","url":"https:\/\/medbox.com\/","name":"MedBox | Medicamentos clasificados por dosis | Farmacia de servicio completo","description":"MedBox es un servicio gratuito de dispensaci\u00f3n de pastillas que ofrece AmeriPharma, una farmacia en l\u00ednea con todos los servicios. Sus recetas se surten, clasifican y se entregan a domicilio.","potentialAction":[{"@type":"SearchAction","target":{"@type":"EntryPoint","urlTemplate":"https:\/\/medbox.com\/?s={search_term_string}"},"query-input":{"@type":"PropertyValueSpecification","valueRequired":true,"valueName":"search_term_string"}}],"inLanguage":"es"},{"@type":"Person","@id":"https:\/\/medbox.com\/#\/schema\/person\/32a7296a38e9d84c3ce80df9d6ed8174","name":"Revisado por el Dr. Ryo Sanabria, PhD","image":{"@type":"ImageObject","inLanguage":"es","@id":"https:\/\/secure.gravatar.com\/avatar\/561683a89ffc1d1ef267389cb0eef2d620e5a8b557f1e263c19fb1ad5c3826ec?s=96&d=mm&r=g","url":"https:\/\/secure.gravatar.com\/avatar\/561683a89ffc1d1ef267389cb0eef2d620e5a8b557f1e263c19fb1ad5c3826ec?s=96&d=mm&r=g","contentUrl":"https:\/\/secure.gravatar.com\/avatar\/561683a89ffc1d1ef267389cb0eef2d620e5a8b557f1e263c19fb1ad5c3826ec?s=96&d=mm&r=g","caption":"Reviewed by Dr. Ryo Sanabria, PhD"},"description":"El Dr. Ryo Sanabria, PhD, naci\u00f3 y creci\u00f3 en Nueva York. Obtuvo una licenciatura y un m\u00e1ster en biotecnolog\u00eda en el Hunter College de la CUNY, y un m\u00e1ster, un m\u00e1ster y un doctorado en Nutrici\u00f3n y Ciencias Metab\u00f3licas en la Universidad de Columbia. La Dra. Sanabria es catedr\u00e1tica y actualmente imparte clases en la Facultad de Gerontolog\u00eda Leonard Davis de la USC. Sus \u00e1reas de especializaci\u00f3n incluyen la gerontolog\u00eda, la biolog\u00eda celular, la biolog\u00eda molecular, la gen\u00e9tica y la nutrici\u00f3n. Ha recibido numerosos premios y becas y es autora de numerosos trabajos de investigaci\u00f3n. La parte m\u00e1s gratificante de su trabajo es la formaci\u00f3n y tutor\u00eda de nuevos cient\u00edficos. El Dr. Sanabria es un \u00e1vido entusiasta del fitness y, en su tiempo libre, disfruta corriendo maratones y levantando pesas. Los pronombres del Dr. Sanabria son ellos\/ellas\/ellos.","url":"https:\/\/medbox.com\/es\/author\/ryo\/"}]}},"_links":{"self":[{"href":"https:\/\/medbox.com\/es\/wp-json\/wp\/v2\/posts\/15938","targetHints":{"allow":["GET"]}}],"collection":[{"href":"https:\/\/medbox.com\/es\/wp-json\/wp\/v2\/posts"}],"about":[{"href":"https:\/\/medbox.com\/es\/wp-json\/wp\/v2\/types\/post"}],"author":[{"embeddable":true,"href":"https:\/\/medbox.com\/es\/wp-json\/wp\/v2\/users\/20"}],"replies":[{"embeddable":true,"href":"https:\/\/medbox.com\/es\/wp-json\/wp\/v2\/comments?post=15938"}],"version-history":[{"count":0,"href":"https:\/\/medbox.com\/es\/wp-json\/wp\/v2\/posts\/15938\/revisions"}],"wp:featuredmedia":[{"embeddable":true,"href":"https:\/\/medbox.com\/es\/wp-json\/wp\/v2\/media\/15939"}],"wp:attachment":[{"href":"https:\/\/medbox.com\/es\/wp-json\/wp\/v2\/media?parent=15938"}],"wp:term":[{"taxonomy":"category","embeddable":true,"href":"https:\/\/medbox.com\/es\/wp-json\/wp\/v2\/categories?post=15938"},{"taxonomy":"post_tag","embeddable":true,"href":"https:\/\/medbox.com\/es\/wp-json\/wp\/v2\/tags?post=15938"}],"curies":[{"name":"gracias","href":"https:\/\/api.w.org\/{rel}","templated":true}]}}